{"id":38653,"date":"2025-08-28T16:48:57","date_gmt":"2025-08-28T14:48:57","guid":{"rendered":"https:\/\/hitech.at\/?p=38653"},"modified":"2025-08-29T12:09:55","modified_gmt":"2025-08-29T10:09:55","slug":"siemens-srbija-dan-inovacija-2025","status":"publish","type":"post","link":"https:\/\/hitech.at\/sr\/siemens-srbija-dan-inovacija-2025\/","title":{"rendered":"Siemens Srbija Dan inovacija 2025"},"content":{"rendered":"<!DOCTYPE html PUBLIC \"-\/\/W3C\/\/DTD HTML 4.0 Transitional\/\/EN\" \"http:\/\/www.w3.org\/TR\/REC-html40\/loose.dtd\">\n<html><body><p>Ovogodi&scaron;nji&nbsp;<em><strong>Siemens Dan Inovacija<\/strong><\/em>, odr&#382;an u organizaciji kompanije Siemens Srbija, bio je u znaku tehnolo&scaron;kih dostignu&#263;a u oblasti odr&#382;ivosti, sa fokusom na re&scaron;enja iz portfolija divizije&nbsp;<em><strong>Smart Infrastructure<\/strong><\/em>. Ovaj majski doga&#273;aj okupio je vi&scaron;e od 200 u&#269;esnika &ndash; predstavnika industrije, partnera, stru&#269;njaka i &#269;lanova udru&#382;enja &ndash; koji su imali priliku da se iz prve ruke upoznaju sa inovacijama koje menjaju na&#269;in na koji razmi&scaron;ljamo o energiji, infrastrukturi i &#382;ivotnoj sredini.<\/p>\n\n\n\n<p>Nakon uvodnih prezentacija koje su pru&#382;ile uvid u najnovije tehnologije i pristupe odr&#382;ivom razvoju, Siemens-ov tim stru&#269;njaka je teoriju preto&#269;io u praksu. U saradnji sa partnerima doga&#273;aja &ndash; kompanijom MK Fintel i Udru&#382;enjem Obnovljivi izvori energije Srbije (OIE) &ndash; predstavljen je referentni projekat vetroparka&nbsp;<em>Ko&scaron;ava<\/em>, kao primer uspe&scaron;ne primene Siemens tehnologije u realnim uslovima.<\/p>\n\n\n\n<figure class=\"wp-block-image size-large\"><img loading=\"lazy\" decoding=\"async\" width=\"1024\" height=\"899\" src=\"https:\/\/hitech.at\/wp-content\/uploads\/2025\/08\/Siemens-Serbia-Innovation-Day-2025-1024x899.jpg\" alt=\"\" class=\"wp-image-38701\" srcset=\"https:\/\/hitech.at\/wp-content\/uploads\/2025\/08\/Siemens-Serbia-Innovation-Day-2025-1024x899.jpg 1024w, https:\/\/hitech.at\/wp-content\/uploads\/2025\/08\/Siemens-Serbia-Innovation-Day-2025-300x263.jpg 300w, https:\/\/hitech.at\/wp-content\/uploads\/2025\/08\/Siemens-Serbia-Innovation-Day-2025-768x674.jpg 768w, https:\/\/hitech.at\/wp-content\/uploads\/2025\/08\/Siemens-Serbia-Innovation-Day-2025-1536x1348.jpg 1536w, https:\/\/hitech.at\/wp-content\/uploads\/2025\/08\/Siemens-Serbia-Innovation-Day-2025.jpg 1600w\" sizes=\"auto, (max-width: 1024px) 100vw, 1024px\" \/><\/figure>\n\n\n\n<p>Na terenu, u&#269;esnici su imali priliku da se upoznaju sa radom Siemens opreme u realnom okru&#382;enju, dok su &#269;lanovi OIE Srbija pa&#382;ljivo pratili rad tehnologije koja osvetljava potencijal za dalji razvoj sektora obnovljivih izvora energije u zemlji. Ovakva neposredna razmena znanja i iskustava pokazala se kao dragocena za sve aktere koji te&#382;e energetskoj tranziciji.<\/p>\n\n\n\n<p>Siemens ve&#263; danas razvija i implementira tehnologije koje dekarbonizaciju pretvaraju u svakodnevnu praksu. Ove inovacije ve&#263; &#382;ive u Srbiji i region: Primeri poput&nbsp;<em><strong>Process bus<\/strong><\/em>&nbsp;tehnologije, primenjene u trafostanicama&nbsp;<em><strong>Bor-6<\/strong><\/em>&nbsp;i&nbsp;<em><strong>Beograd-3<\/strong><\/em>, pokazuju kako se uz pametna re&scaron;enja mo&#382;e posti&#263;i efikasniji, sigurniji i odr&#382;iviji na&#269;in rada. Ove trafostanice funkcioni&scaron;u bez kompleksne mre&#382;e kablova, &scaron;to ne samo da pojednostavljuje operacije, ve&#263; i zna&#269;ajno smanjuje ugljeni&#269;ni otisak i negativan uticaj na &#382;ivotnu sredinu.<\/p>\n\n\n\n<p>Me&#273;utim, Siemens tu ne staje. Kompanija je postavila ambiciozne ciljeve: do 2030. godine planira da koristi isklju&#269;ivo energiju iz obnovljivih izvora u svim svojim objektima &scaron;irom sveta, kao i da potpuno elektrifikuje vozni park. Ovi ciljevi deo su &scaron;ire strategije smanjenja ugljeni&#269;nog otiska na nulu, koja uklju&#269;uje i stroge kriterijume odr&#382;ivosti za partnere u dobavlja&#269;kom lancu.<\/p>\n\n\n\n<p>Brzina kojom Siemens sprovodi ove promene potvr&#273;ena je i ovogodi&scaron;njim priznanjem kompanije kao&nbsp;<em><strong>Evropskog &scaron;ampiona u patentima<\/strong><\/em>, sa impresivnim prosekom od 24 patenta dnevno. Ova &#269;injenica ne samo da svedo&#269;i o inovativnosti, ve&#263; i o posve&#263;enosti stvaranju tehnologija koje imaju konkretan uticaj na odr&#382;ivost i kvalitet &#382;ivota.<\/p>\n<\/body><\/html>\n","protected":false},"excerpt":{"rendered":"<p>Siemens Dan Inovacija 2025 predstavio je odr\u017eiva tehnolo\u0161ka re\u0161enja i projekte koji ubrzavaju energetsku tranziciju u Srbiji.<\/p>\n","protected":false},"author":31,"featured_media":38654,"comment_status":"closed","ping_status":"closed","sticky":false,"template":"","format":"standard","meta":{"_acf_changed":false,"footnotes":""},"categories":[116],"tags":[],"class_list":["post-38653","post","type-post","status-publish","format-standard","has-post-thumbnail","hentry","category-research-development-sr"],"acf":[],"yoast_head":"<!-- This site is optimized with the Yoast SEO plugin v25.0 - https:\/\/yoast.com\/wordpress\/plugins\/seo\/ -->\n<title>Siemens Srbija Dan inovacija 2025 - hi!tech<\/title>\n<meta name=\"robots\" content=\"index, follow, max-snippet:-1, max-image-preview:large, max-video-preview:-1\" \/>\n<link rel=\"canonical\" href=\"https:\/\/hitech.at\/sr\/siemens-srbija-dan-inovacija-2025\/\" \/>\n<meta property=\"og:locale\" content=\"sr_RS\" \/>\n<meta property=\"og:type\" content=\"article\" \/>\n<meta property=\"og:title\" content=\"Siemens Srbija Dan inovacija 2025 - hi!tech\" \/>\n<meta property=\"og:description\" content=\"Siemens Dan Inovacija 2025 predstavio je odr\u017eiva tehnolo\u0161ka re\u0161enja i projekte koji ubrzavaju energetsku tranziciju u Srbiji.\" \/>\n<meta property=\"og:url\" content=\"https:\/\/hitech.at\/sr\/siemens-srbija-dan-inovacija-2025\/\" \/>\n<meta property=\"og:site_name\" content=\"hi!tech\" \/>\n<meta property=\"article:publisher\" content=\"https:\/\/www.facebook.com\/siemens.oesterreich\" \/>\n<meta property=\"article:published_time\" content=\"2025-08-28T14:48:57+00:00\" \/>\n<meta property=\"article:modified_time\" content=\"2025-08-29T10:09:55+00:00\" \/>\n<meta property=\"og:image\" content=\"https:\/\/hitech.at\/wp-content\/uploads\/2025\/08\/SI-Day-2025.jpg\" \/>\n\t<meta property=\"og:image:width\" content=\"1067\" \/>\n\t<meta property=\"og:image:height\" content=\"1601\" \/>\n\t<meta property=\"og:image:type\" content=\"image\/jpeg\" \/>\n<meta name=\"author\" content=\"Andjela Stojkovic\" \/>\n<meta name=\"twitter:card\" content=\"summary_large_image\" \/>\n<meta name=\"twitter:label1\" content=\"\u041d\u0430\u043f\u0438\u0441\u0430\u043d\u043e \u043e\u0434\" \/>\n\t<meta name=\"twitter:data1\" content=\"Andjela Stojkovic\" \/>\n\t<meta name=\"twitter:label2\" content=\"\u041f\u0440\u043e\u0446\u0435\u045a\u0435\u043d\u043e \u0432\u0440\u0435\u043c\u0435 \u0447\u0438\u0442\u0430\u045a\u0430\" \/>\n\t<meta name=\"twitter:data2\" content=\"2 \u043c\u0438\u043d\u0443\u0442\u0430\" \/>\n<script type=\"application\/ld+json\" class=\"yoast-schema-graph\">{\"@context\":\"https:\/\/schema.org\",\"@graph\":[{\"@type\":\"WebPage\",\"@id\":\"https:\/\/hitech.at\/sr\/siemens-srbija-dan-inovacija-2025\/\",\"url\":\"https:\/\/hitech.at\/sr\/siemens-srbija-dan-inovacija-2025\/\",\"name\":\"Siemens Srbija Dan inovacija 2025 - hi!tech\",\"isPartOf\":{\"@id\":\"https:\/\/hitech.at\/sr\/#website\"},\"primaryImageOfPage\":{\"@id\":\"https:\/\/hitech.at\/sr\/siemens-srbija-dan-inovacija-2025\/#primaryimage\"},\"image\":{\"@id\":\"https:\/\/hitech.at\/sr\/siemens-srbija-dan-inovacija-2025\/#primaryimage\"},\"thumbnailUrl\":\"https:\/\/hitech.at\/wp-content\/uploads\/2025\/08\/SI-Day-2025.jpg\",\"datePublished\":\"2025-08-28T14:48:57+00:00\",\"dateModified\":\"2025-08-29T10:09:55+00:00\",\"author\":{\"@id\":\"https:\/\/hitech.at\/sr\/#\/schema\/person\/fcb59d60d4c890228b832a01c117b7df\"},\"inLanguage\":\"sr-RS\",\"potentialAction\":[{\"@type\":\"ReadAction\",\"target\":[\"https:\/\/hitech.at\/sr\/siemens-srbija-dan-inovacija-2025\/\"]}]},{\"@type\":\"ImageObject\",\"inLanguage\":\"sr-RS\",\"@id\":\"https:\/\/hitech.at\/sr\/siemens-srbija-dan-inovacija-2025\/#primaryimage\",\"url\":\"https:\/\/hitech.at\/wp-content\/uploads\/2025\/08\/SI-Day-2025.jpg\",\"contentUrl\":\"https:\/\/hitech.at\/wp-content\/uploads\/2025\/08\/SI-Day-2025.jpg\",\"width\":1067,\"height\":1601},{\"@type\":\"WebSite\",\"@id\":\"https:\/\/hitech.at\/sr\/#website\",\"url\":\"https:\/\/hitech.at\/sr\/\",\"name\":\"hi!tech\",\"description\":\"Das Innovationsmagazin von Siemens \u00d6sterreich\",\"potentialAction\":[{\"@type\":\"SearchAction\",\"target\":{\"@type\":\"EntryPoint\",\"urlTemplate\":\"https:\/\/hitech.at\/sr\/?s={search_term_string}\"},\"query-input\":{\"@type\":\"PropertyValueSpecification\",\"valueRequired\":true,\"valueName\":\"search_term_string\"}}],\"inLanguage\":\"sr-RS\"},{\"@type\":\"Person\",\"@id\":\"https:\/\/hitech.at\/sr\/#\/schema\/person\/fcb59d60d4c890228b832a01c117b7df\",\"name\":\"Andjela Stojkovic\"}]}<\/script>\n<!-- \/ Yoast SEO plugin. -->","yoast_head_json":{"title":"Siemens Srbija Dan inovacija 2025 - hi!tech","robots":{"index":"index","follow":"follow","max-snippet":"max-snippet:-1","max-image-preview":"max-image-preview:large","max-video-preview":"max-video-preview:-1"},"canonical":"https:\/\/hitech.at\/sr\/siemens-srbija-dan-inovacija-2025\/","og_locale":"sr_RS","og_type":"article","og_title":"Siemens Srbija Dan inovacija 2025 - hi!tech","og_description":"Siemens Dan Inovacija 2025 predstavio je odr\u017eiva tehnolo\u0161ka re\u0161enja i projekte koji ubrzavaju energetsku tranziciju u Srbiji.","og_url":"https:\/\/hitech.at\/sr\/siemens-srbija-dan-inovacija-2025\/","og_site_name":"hi!tech","article_publisher":"https:\/\/www.facebook.com\/siemens.oesterreich","article_published_time":"2025-08-28T14:48:57+00:00","article_modified_time":"2025-08-29T10:09:55+00:00","og_image":[{"width":1067,"height":1601,"url":"https:\/\/hitech.at\/wp-content\/uploads\/2025\/08\/SI-Day-2025.jpg","type":"image\/jpeg"}],"author":"Andjela Stojkovic","twitter_card":"summary_large_image","twitter_misc":{"\u041d\u0430\u043f\u0438\u0441\u0430\u043d\u043e \u043e\u0434":"Andjela Stojkovic","\u041f\u0440\u043e\u0446\u0435\u045a\u0435\u043d\u043e \u0432\u0440\u0435\u043c\u0435 \u0447\u0438\u0442\u0430\u045a\u0430":"2 \u043c\u0438\u043d\u0443\u0442\u0430"},"schema":{"@context":"https:\/\/schema.org","@graph":[{"@type":"WebPage","@id":"https:\/\/hitech.at\/sr\/siemens-srbija-dan-inovacija-2025\/","url":"https:\/\/hitech.at\/sr\/siemens-srbija-dan-inovacija-2025\/","name":"Siemens Srbija Dan inovacija 2025 - hi!tech","isPartOf":{"@id":"https:\/\/hitech.at\/sr\/#website"},"primaryImageOfPage":{"@id":"https:\/\/hitech.at\/sr\/siemens-srbija-dan-inovacija-2025\/#primaryimage"},"image":{"@id":"https:\/\/hitech.at\/sr\/siemens-srbija-dan-inovacija-2025\/#primaryimage"},"thumbnailUrl":"https:\/\/hitech.at\/wp-content\/uploads\/2025\/08\/SI-Day-2025.jpg","datePublished":"2025-08-28T14:48:57+00:00","dateModified":"2025-08-29T10:09:55+00:00","author":{"@id":"https:\/\/hitech.at\/sr\/#\/schema\/person\/fcb59d60d4c890228b832a01c117b7df"},"inLanguage":"sr-RS","potentialAction":[{"@type":"ReadAction","target":["https:\/\/hitech.at\/sr\/siemens-srbija-dan-inovacija-2025\/"]}]},{"@type":"ImageObject","inLanguage":"sr-RS","@id":"https:\/\/hitech.at\/sr\/siemens-srbija-dan-inovacija-2025\/#primaryimage","url":"https:\/\/hitech.at\/wp-content\/uploads\/2025\/08\/SI-Day-2025.jpg","contentUrl":"https:\/\/hitech.at\/wp-content\/uploads\/2025\/08\/SI-Day-2025.jpg","width":1067,"height":1601},{"@type":"WebSite","@id":"https:\/\/hitech.at\/sr\/#website","url":"https:\/\/hitech.at\/sr\/","name":"hi!tech","description":"Das Innovationsmagazin von Siemens \u00d6sterreich","potentialAction":[{"@type":"SearchAction","target":{"@type":"EntryPoint","urlTemplate":"https:\/\/hitech.at\/sr\/?s={search_term_string}"},"query-input":{"@type":"PropertyValueSpecification","valueRequired":true,"valueName":"search_term_string"}}],"inLanguage":"sr-RS"},{"@type":"Person","@id":"https:\/\/hitech.at\/sr\/#\/schema\/person\/fcb59d60d4c890228b832a01c117b7df","name":"Andjela Stojkovic"}]}},"cover_image":{"medium":"https:\/\/hitech.at\/wp-content\/uploads\/2025\/08\/SI-Day-2025-200x300.jpg","thumbnail":"https:\/\/hitech.at\/wp-content\/uploads\/2025\/08\/SI-Day-2025-150x150.jpg","large":"https:\/\/hitech.at\/wp-content\/uploads\/2025\/08\/SI-Day-2025-682x1024.jpg"},"_links":{"self":[{"href":"https:\/\/hitech.at\/sr\/wp-json\/wp\/v2\/posts\/38653","targetHints":{"allow":["GET"]}}],"collection":[{"href":"https:\/\/hitech.at\/sr\/wp-json\/wp\/v2\/posts"}],"about":[{"href":"https:\/\/hitech.at\/sr\/wp-json\/wp\/v2\/types\/post"}],"author":[{"embeddable":true,"href":"https:\/\/hitech.at\/sr\/wp-json\/wp\/v2\/users\/31"}],"replies":[{"embeddable":true,"href":"https:\/\/hitech.at\/sr\/wp-json\/wp\/v2\/comments?post=38653"}],"version-history":[{"count":2,"href":"https:\/\/hitech.at\/sr\/wp-json\/wp\/v2\/posts\/38653\/revisions"}],"predecessor-version":[{"id":38708,"href":"https:\/\/hitech.at\/sr\/wp-json\/wp\/v2\/posts\/38653\/revisions\/38708"}],"wp:featuredmedia":[{"embeddable":true,"href":"https:\/\/hitech.at\/sr\/wp-json\/wp\/v2\/media\/38654"}],"wp:attachment":[{"href":"https:\/\/hitech.at\/sr\/wp-json\/wp\/v2\/media?parent=38653"}],"wp:term":[{"taxonomy":"category","embeddable":true,"href":"https:\/\/hitech.at\/sr\/wp-json\/wp\/v2\/categories?post=38653"},{"taxonomy":"post_tag","embeddable":true,"href":"https:\/\/hitech.at\/sr\/wp-json\/wp\/v2\/tags?post=38653"}],"curies":[{"name":"wp","href":"https:\/\/api.w.org\/{rel}","templated":true}]}}